{"id":6,"date":"2024-03-25T20:15:26","date_gmt":"2024-03-25T19:15:26","guid":{"rendered":"http:\/\/meistermaler.ch\/index.php\/2024\/03\/25\/individuelle-gestaltung-von-arbeits-und-wohnraeumen\/"},"modified":"2024-03-25T20:15:26","modified_gmt":"2024-03-25T19:15:26","slug":"individuelle-gestaltung-von-arbeits-und-wohnraeumen","status":"publish","type":"post","link":"https:\/\/meistermaler.ch\/index.php\/2024\/03\/25\/individuelle-gestaltung-von-arbeits-und-wohnraeumen\/","title":{"rendered":"Individuelle Gestaltung von Arbeits- und Wohnr\u00e4umen"},"content":{"rendered":"<h2>Individuelle Gestaltung von Arbeits- und Wohnr\u00e4umen<\/h2>\n<p>Bei frischgestrichen.ch ist es unser Ziel, Arbeits- und Wohnr\u00e4ume sowohl von innen als auch von au\u00dfen nach den individuellen W\u00fcnschen unserer Kunden zu gestalten. Wir wissen, dass manchmal schon eine kleine Ver\u00e4nderung ausreicht, um ein gro\u00dfartiges Ergebnis zu erzielen. Deshalb bieten wir verschiedene Techniken an, um Ihren R\u00e4umen einen neuen Look zu verleihen.<\/p>\n<h2>Ein neues Raumgef\u00fchl mit frischer Farbe<\/h2>\n<p>Ein einfacher Weg, um ein neues Raumgef\u00fchl zu schaffen, ist die Wahl einer neuen Wandfarbe. Besonders in der K\u00fcche kann eine frische Farbe einen gro\u00dfen Unterschied machen. Entscheiden Sie sich f\u00fcr eine Farbe, die zu Ihrem Stil und Ihrer Einrichtung passt, und Sie werden sehen, wie sich der Raum verwandelt. Unser Team arbeitet schnell und sauber, sodass Sie Ihre R\u00e4ume so schnell wie m\u00f6glich wieder nutzen k\u00f6nnen.<\/p>\n<h2>Ihr Zuhause wird sch\u00f6ner<\/h2>\n<p>Bei frischgestrichen.ch sind wir stolz darauf, Ihr Zuhause sch\u00f6ner zu machen. Unsere erfahrenen Maler und Malerinnen gehen auf Ihre individuellen W\u00fcnsche ein und setzen diese mit Sorgfalt und Pr\u00e4zision um. Egal ob es um das Streichen von W\u00e4nden, das Lackieren von T\u00fcren und Fenstern oder das Versch\u00f6nern von Fassaden geht &#8211; wir haben die richtigen Techniken und das n\u00f6tige Know-how, um ein perfektes Ergebnis zu erzielen.<\/p>\n<p>Unser Ziel ist es, dass Sie sich in Ihren Arbeits- und Wohnr\u00e4umen rundum wohlf\u00fchlen. Deshalb bieten wir Ihnen eine umfassende Beratung an und gehen auf Ihre individuellen Bed\u00fcrfnisse ein. Wir nehmen uns Zeit, um Ihre Vorstellungen zu verstehen und setzen diese mit unserer Expertise um. Dabei achten wir auf jedes Detail, um ein harmonisches Gesamtbild zu schaffen.<\/p>\n<p>Ob Sie nur einen Raum oder Ihr gesamtes Zuhause gestalten m\u00f6chten, bei frischgestrichen.ch sind Sie in guten H\u00e4nden. Kontaktieren Sie uns noch heute, um einen Termin zu vereinbaren. Wir freuen uns darauf, Ihnen dabei zu helfen, Ihre R\u00e4ume nach Ihren W\u00fcnschen zu gestalten und Ihr Zuhause sch\u00f6ner zu machen.<\/p>\n","protected":false},"excerpt":{"rendered":"<p>Individuelle Gestaltung von Arbeits- und Wohnr\u00e4umen Bei frischgestrichen.ch ist es unser Ziel, Arbeits- und Wohnr\u00e4ume sowohl von innen als auch von au\u00dfen nach den individuellen W\u00fcnschen unserer Kunden zu gestalten. Wir wissen, dass manchmal schon eine kleine Ver\u00e4nderung ausreicht, um ein gro\u00dfartiges Ergebnis zu erzielen. Deshalb bieten wir verschiedene Techniken an, um Ihren R\u00e4umen einen [&hellip;]<\/p>\n","protected":false},"author":1,"featured_media":0,"comment_status":"open","ping_status":"open","sticky":false,"template":"","format":"standard","meta":{"om_disable_all_campaigns":false,"_monsterinsights_skip_tracking":false,"_monsterinsights_sitenote_active":false,"_monsterinsights_sitenote_note":"","_monsterinsights_sitenote_category":0,"footnotes":""},"categories":[1],"tags":[],"yoast_head":"<!-- This site is optimized with the Yoast SEO plugin v23.0 - https:\/\/yoast.com\/wordpress\/plugins\/seo\/ -->\n<title>Individuelle Gestaltung von Arbeits- und Wohnr\u00e4umen - Meistermaler.ch<\/title>\n<meta name=\"robots\" content=\"index, follow, max-snippet:-1, max-image-preview:large, max-video-preview:-1\" \/>\n<link rel=\"canonical\" href=\"https:\/\/meistermaler.ch\/index.php\/2024\/03\/25\/individuelle-gestaltung-von-arbeits-und-wohnraeumen\/\" \/>\n<meta property=\"og:locale\" content=\"de_DE\" \/>\n<meta property=\"og:type\" content=\"article\" \/>\n<meta property=\"og:title\" content=\"Individuelle Gestaltung von Arbeits- und Wohnr\u00e4umen - Meistermaler.ch\" \/>\n<meta property=\"og:description\" content=\"Individuelle Gestaltung von Arbeits- und Wohnr\u00e4umen Bei frischgestrichen.ch ist es unser Ziel, Arbeits- und Wohnr\u00e4ume sowohl von innen als auch von au\u00dfen nach den individuellen W\u00fcnschen unserer Kunden zu gestalten. Wir wissen, dass manchmal schon eine kleine Ver\u00e4nderung ausreicht, um ein gro\u00dfartiges Ergebnis zu erzielen. Deshalb bieten wir verschiedene Techniken an, um Ihren R\u00e4umen einen [&hellip;]\" \/>\n<meta property=\"og:url\" content=\"https:\/\/meistermaler.ch\/index.php\/2024\/03\/25\/individuelle-gestaltung-von-arbeits-und-wohnraeumen\/\" \/>\n<meta property=\"og:site_name\" content=\"Meistermaler.ch\" \/>\n<meta property=\"article:published_time\" content=\"2024-03-25T19:15:26+00:00\" \/>\n<meta name=\"author\" content=\"meistermaler.ch\" \/>\n<meta name=\"twitter:card\" content=\"summary_large_image\" \/>\n<meta name=\"twitter:label1\" content=\"Verfasst von\" \/>\n\t<meta name=\"twitter:data1\" content=\"meistermaler.ch\" \/>\n\t<meta name=\"twitter:label2\" content=\"Gesch\u00e4tzte Lesezeit\" \/>\n\t<meta name=\"twitter:data2\" content=\"2\u00a0Minuten\" \/>\n<script type=\"application\/ld+json\" class=\"yoast-schema-graph\">{\"@context\":\"https:\/\/schema.org\",\"@graph\":[{\"@type\":\"Article\",\"@id\":\"https:\/\/meistermaler.ch\/index.php\/2024\/03\/25\/individuelle-gestaltung-von-arbeits-und-wohnraeumen\/#article\",\"isPartOf\":{\"@id\":\"https:\/\/meistermaler.ch\/index.php\/2024\/03\/25\/individuelle-gestaltung-von-arbeits-und-wohnraeumen\/\"},\"author\":{\"name\":\"meistermaler.ch\",\"@id\":\"https:\/\/meistermaler.ch\/#\/schema\/person\/e22cb20a17b0c775c28ddc6488fda9c5\"},\"headline\":\"Individuelle Gestaltung von Arbeits- und Wohnr\u00e4umen\",\"datePublished\":\"2024-03-25T19:15:26+00:00\",\"dateModified\":\"2024-03-25T19:15:26+00:00\",\"mainEntityOfPage\":{\"@id\":\"https:\/\/meistermaler.ch\/index.php\/2024\/03\/25\/individuelle-gestaltung-von-arbeits-und-wohnraeumen\/\"},\"wordCount\":349,\"commentCount\":0,\"publisher\":{\"@id\":\"https:\/\/meistermaler.ch\/#organization\"},\"articleSection\":[\"Blog\"],\"inLanguage\":\"de\",\"potentialAction\":[{\"@type\":\"CommentAction\",\"name\":\"Comment\",\"target\":[\"https:\/\/meistermaler.ch\/index.php\/2024\/03\/25\/individuelle-gestaltung-von-arbeits-und-wohnraeumen\/#respond\"]}]},{\"@type\":\"WebPage\",\"@id\":\"https:\/\/meistermaler.ch\/index.php\/2024\/03\/25\/individuelle-gestaltung-von-arbeits-und-wohnraeumen\/\",\"url\":\"https:\/\/meistermaler.ch\/index.php\/2024\/03\/25\/individuelle-gestaltung-von-arbeits-und-wohnraeumen\/\",\"name\":\"Individuelle Gestaltung von Arbeits- und Wohnr\u00e4umen - Meistermaler.ch\",\"isPartOf\":{\"@id\":\"https:\/\/meistermaler.ch\/#website\"},\"datePublished\":\"2024-03-25T19:15:26+00:00\",\"dateModified\":\"2024-03-25T19:15:26+00:00\",\"breadcrumb\":{\"@id\":\"https:\/\/meistermaler.ch\/index.php\/2024\/03\/25\/individuelle-gestaltung-von-arbeits-und-wohnraeumen\/#breadcrumb\"},\"inLanguage\":\"de\",\"potentialAction\":[{\"@type\":\"ReadAction\",\"target\":[\"https:\/\/meistermaler.ch\/index.php\/2024\/03\/25\/individuelle-gestaltung-von-arbeits-und-wohnraeumen\/\"]}]},{\"@type\":\"BreadcrumbList\",\"@id\":\"https:\/\/meistermaler.ch\/index.php\/2024\/03\/25\/individuelle-gestaltung-von-arbeits-und-wohnraeumen\/#breadcrumb\",\"itemListElement\":[{\"@type\":\"ListItem\",\"position\":1,\"name\":\"Home\",\"item\":\"https:\/\/meistermaler.ch\/\"},{\"@type\":\"ListItem\",\"position\":2,\"name\":\"Individuelle Gestaltung von Arbeits- und Wohnr\u00e4umen\"}]},{\"@type\":\"WebSite\",\"@id\":\"https:\/\/meistermaler.ch\/#website\",\"url\":\"https:\/\/meistermaler.ch\/\",\"name\":\"Meistermaler.ch\",\"description\":\"\",\"publisher\":{\"@id\":\"https:\/\/meistermaler.ch\/#organization\"},\"potentialAction\":[{\"@type\":\"SearchAction\",\"target\":{\"@type\":\"EntryPoint\",\"urlTemplate\":\"https:\/\/meistermaler.ch\/?s={search_term_string}\"},\"query-input\":\"required name=search_term_string\"}],\"inLanguage\":\"de\"},{\"@type\":\"Organization\",\"@id\":\"https:\/\/meistermaler.ch\/#organization\",\"name\":\"Meistermaler.ch\",\"url\":\"https:\/\/meistermaler.ch\/\",\"logo\":{\"@type\":\"ImageObject\",\"inLanguage\":\"de\",\"@id\":\"https:\/\/meistermaler.ch\/#\/schema\/logo\/image\/\",\"url\":\"https:\/\/meistermaler.ch\/wp-content\/uploads\/2024\/03\/cropped-meistermaler.ch_.png\",\"contentUrl\":\"https:\/\/meistermaler.ch\/wp-content\/uploads\/2024\/03\/cropped-meistermaler.ch_.png\",\"width\":512,\"height\":512,\"caption\":\"Meistermaler.ch\"},\"image\":{\"@id\":\"https:\/\/meistermaler.ch\/#\/schema\/logo\/image\/\"}},{\"@type\":\"Person\",\"@id\":\"https:\/\/meistermaler.ch\/#\/schema\/person\/e22cb20a17b0c775c28ddc6488fda9c5\",\"name\":\"meistermaler.ch\",\"image\":{\"@type\":\"ImageObject\",\"inLanguage\":\"de\",\"@id\":\"https:\/\/meistermaler.ch\/#\/schema\/person\/image\/\",\"url\":\"https:\/\/secure.gravatar.com\/avatar\/235dc84a78810e4a7f7410b32586c949?s=96&d=mm&r=g\",\"contentUrl\":\"https:\/\/secure.gravatar.com\/avatar\/235dc84a78810e4a7f7410b32586c949?s=96&d=mm&r=g\",\"caption\":\"meistermaler.ch\"},\"sameAs\":[\"http:\/\/meistermaler.ch\"],\"url\":\"https:\/\/meistermaler.ch\/index.php\/author\/meistermaler-ch\/\"}]}<\/script>\n<!-- \/ Yoast SEO plugin. -->","yoast_head_json":{"title":"Individuelle Gestaltung von Arbeits- und Wohnr\u00e4umen - Meistermaler.ch","robots":{"index":"index","follow":"follow","max-snippet":"max-snippet:-1","max-image-preview":"max-image-preview:large","max-video-preview":"max-video-preview:-1"},"canonical":"https:\/\/meistermaler.ch\/index.php\/2024\/03\/25\/individuelle-gestaltung-von-arbeits-und-wohnraeumen\/","og_locale":"de_DE","og_type":"article","og_title":"Individuelle Gestaltung von Arbeits- und Wohnr\u00e4umen - Meistermaler.ch","og_description":"Individuelle Gestaltung von Arbeits- und Wohnr\u00e4umen Bei frischgestrichen.ch ist es unser Ziel, Arbeits- und Wohnr\u00e4ume sowohl von innen als auch von au\u00dfen nach den individuellen W\u00fcnschen unserer Kunden zu gestalten. Wir wissen, dass manchmal schon eine kleine Ver\u00e4nderung ausreicht, um ein gro\u00dfartiges Ergebnis zu erzielen. Deshalb bieten wir verschiedene Techniken an, um Ihren R\u00e4umen einen [&hellip;]","og_url":"https:\/\/meistermaler.ch\/index.php\/2024\/03\/25\/individuelle-gestaltung-von-arbeits-und-wohnraeumen\/","og_site_name":"Meistermaler.ch","article_published_time":"2024-03-25T19:15:26+00:00","author":"meistermaler.ch","twitter_card":"summary_large_image","twitter_misc":{"Verfasst von":"meistermaler.ch","Gesch\u00e4tzte Lesezeit":"2\u00a0Minuten"},"schema":{"@context":"https:\/\/schema.org","@graph":[{"@type":"Article","@id":"https:\/\/meistermaler.ch\/index.php\/2024\/03\/25\/individuelle-gestaltung-von-arbeits-und-wohnraeumen\/#article","isPartOf":{"@id":"https:\/\/meistermaler.ch\/index.php\/2024\/03\/25\/individuelle-gestaltung-von-arbeits-und-wohnraeumen\/"},"author":{"name":"meistermaler.ch","@id":"https:\/\/meistermaler.ch\/#\/schema\/person\/e22cb20a17b0c775c28ddc6488fda9c5"},"headline":"Individuelle Gestaltung von Arbeits- und Wohnr\u00e4umen","datePublished":"2024-03-25T19:15:26+00:00","dateModified":"2024-03-25T19:15:26+00:00","mainEntityOfPage":{"@id":"https:\/\/meistermaler.ch\/index.php\/2024\/03\/25\/individuelle-gestaltung-von-arbeits-und-wohnraeumen\/"},"wordCount":349,"commentCount":0,"publisher":{"@id":"https:\/\/meistermaler.ch\/#organization"},"articleSection":["Blog"],"inLanguage":"de","potentialAction":[{"@type":"CommentAction","name":"Comment","target":["https:\/\/meistermaler.ch\/index.php\/2024\/03\/25\/individuelle-gestaltung-von-arbeits-und-wohnraeumen\/#respond"]}]},{"@type":"WebPage","@id":"https:\/\/meistermaler.ch\/index.php\/2024\/03\/25\/individuelle-gestaltung-von-arbeits-und-wohnraeumen\/","url":"https:\/\/meistermaler.ch\/index.php\/2024\/03\/25\/individuelle-gestaltung-von-arbeits-und-wohnraeumen\/","name":"Individuelle Gestaltung von Arbeits- und Wohnr\u00e4umen - Meistermaler.ch","isPartOf":{"@id":"https:\/\/meistermaler.ch\/#website"},"datePublished":"2024-03-25T19:15:26+00:00","dateModified":"2024-03-25T19:15:26+00:00","breadcrumb":{"@id":"https:\/\/meistermaler.ch\/index.php\/2024\/03\/25\/individuelle-gestaltung-von-arbeits-und-wohnraeumen\/#breadcrumb"},"inLanguage":"de","potentialAction":[{"@type":"ReadAction","target":["https:\/\/meistermaler.ch\/index.php\/2024\/03\/25\/individuelle-gestaltung-von-arbeits-und-wohnraeumen\/"]}]},{"@type":"BreadcrumbList","@id":"https:\/\/meistermaler.ch\/index.php\/2024\/03\/25\/individuelle-gestaltung-von-arbeits-und-wohnraeumen\/#breadcrumb","itemListElement":[{"@type":"ListItem","position":1,"name":"Home","item":"https:\/\/meistermaler.ch\/"},{"@type":"ListItem","position":2,"name":"Individuelle Gestaltung von Arbeits- und Wohnr\u00e4umen"}]},{"@type":"WebSite","@id":"https:\/\/meistermaler.ch\/#website","url":"https:\/\/meistermaler.ch\/","name":"Meistermaler.ch","description":"","publisher":{"@id":"https:\/\/meistermaler.ch\/#organization"},"potentialAction":[{"@type":"SearchAction","target":{"@type":"EntryPoint","urlTemplate":"https:\/\/meistermaler.ch\/?s={search_term_string}"},"query-input":"required name=search_term_string"}],"inLanguage":"de"},{"@type":"Organization","@id":"https:\/\/meistermaler.ch\/#organization","name":"Meistermaler.ch","url":"https:\/\/meistermaler.ch\/","logo":{"@type":"ImageObject","inLanguage":"de","@id":"https:\/\/meistermaler.ch\/#\/schema\/logo\/image\/","url":"https:\/\/meistermaler.ch\/wp-content\/uploads\/2024\/03\/cropped-meistermaler.ch_.png","contentUrl":"https:\/\/meistermaler.ch\/wp-content\/uploads\/2024\/03\/cropped-meistermaler.ch_.png","width":512,"height":512,"caption":"Meistermaler.ch"},"image":{"@id":"https:\/\/meistermaler.ch\/#\/schema\/logo\/image\/"}},{"@type":"Person","@id":"https:\/\/meistermaler.ch\/#\/schema\/person\/e22cb20a17b0c775c28ddc6488fda9c5","name":"meistermaler.ch","image":{"@type":"ImageObject","inLanguage":"de","@id":"https:\/\/meistermaler.ch\/#\/schema\/person\/image\/","url":"https:\/\/secure.gravatar.com\/avatar\/235dc84a78810e4a7f7410b32586c949?s=96&d=mm&r=g","contentUrl":"https:\/\/secure.gravatar.com\/avatar\/235dc84a78810e4a7f7410b32586c949?s=96&d=mm&r=g","caption":"meistermaler.ch"},"sameAs":["http:\/\/meistermaler.ch"],"url":"https:\/\/meistermaler.ch\/index.php\/author\/meistermaler-ch\/"}]}},"_links":{"self":[{"href":"https:\/\/meistermaler.ch\/index.php\/wp-json\/wp\/v2\/posts\/6"}],"collection":[{"href":"https:\/\/meistermaler.ch\/index.php\/wp-json\/wp\/v2\/posts"}],"about":[{"href":"https:\/\/meistermaler.ch\/index.php\/wp-json\/wp\/v2\/types\/post"}],"author":[{"embeddable":true,"href":"https:\/\/meistermaler.ch\/index.php\/wp-json\/wp\/v2\/users\/1"}],"replies":[{"embeddable":true,"href":"https:\/\/meistermaler.ch\/index.php\/wp-json\/wp\/v2\/comments?post=6"}],"version-history":[{"count":0,"href":"https:\/\/meistermaler.ch\/index.php\/wp-json\/wp\/v2\/posts\/6\/revisions"}],"wp:attachment":[{"href":"https:\/\/meistermaler.ch\/index.php\/wp-json\/wp\/v2\/media?parent=6"}],"wp:term":[{"taxonomy":"category","embeddable":true,"href":"https:\/\/meistermaler.ch\/index.php\/wp-json\/wp\/v2\/categories?post=6"},{"taxonomy":"post_tag","embeddable":true,"href":"https:\/\/meistermaler.ch\/index.php\/wp-json\/wp\/v2\/tags?post=6"}],"curies":[{"name":"wp","href":"https:\/\/api.w.org\/{rel}","templated":true}]}}