{"id":7,"date":"2024-03-25T20:15:27","date_gmt":"2024-03-25T19:15:27","guid":{"rendered":"http:\/\/meistermaler.ch\/index.php\/2024\/03\/25\/individuelle-gestaltung-von-arbeits-und-wohnraeumen-2\/"},"modified":"2024-03-25T20:15:27","modified_gmt":"2024-03-25T19:15:27","slug":"individuelle-gestaltung-von-arbeits-und-wohnraeumen-2","status":"publish","type":"post","link":"https:\/\/meistermaler.ch\/index.php\/2024\/03\/25\/individuelle-gestaltung-von-arbeits-und-wohnraeumen-2\/","title":{"rendered":"Individuelle Gestaltung von Arbeits- und Wohnr\u00e4umen"},"content":{"rendered":"<h2>Individuelle Gestaltung von Arbeits- und Wohnr\u00e4umen<\/h2>\n<p>Bei der Gestaltung von Arbeits- und Wohnr\u00e4umen ist es das Ziel, eine individuelle Atmosph\u00e4re zu schaffen, die den pers\u00f6nlichen Vorstellungen und W\u00fcnschen entspricht. Das Team von frischgestrichen.ch hat sich darauf spezialisiert, R\u00e4ume sowohl von innen als auch von au\u00dfen nach den individuellen Bed\u00fcrfnissen der Kunden zu gestalten.<\/p>\n<p>Manchmal reicht bereits eine kleine Ver\u00e4nderung, um ein gro\u00dfes Ergebnis zu erzielen. Ein Beispiel hierf\u00fcr ist die Wahl einer neuen Wandfarbe in der K\u00fcche. Durch eine frische Farbe kann sich ein ganz neues Raumgef\u00fchl entfalten und die K\u00fcche wirkt gleich viel ansprechender.<\/p>\n<h2>Schnelle und saubere Arbeit<\/h2>\n<p>Das Team von frischgestrichen.ch zeichnet sich durch schnelle und saubere Arbeit aus. Wir wissen, dass es wichtig ist, dass Sie Ihre R\u00e4ume so schnell wie m\u00f6glich wieder nutzen k\u00f6nnen. Daher arbeiten wir effizient und sorgen daf\u00fcr, dass der Arbeitsprozess reibungslos verl\u00e4uft.<\/p>\n<p>Unsere erfahrenen Mitarbeiter gehen sorgf\u00e4ltig vor und achten darauf, dass keine Farbspritzer oder andere Verschmutzungen entstehen. Wir legen gro\u00dfen Wert auf Sauberkeit und hinterlassen Ihre R\u00e4ume in einem ordentlichen Zustand.<\/p>\n<h2>Ihr Zuhause sch\u00f6ner machen<\/h2>\n<p>Unser Ziel ist es, Ihr Zuhause sch\u00f6ner zu machen. Wir bieten eine Vielzahl von Techniken und M\u00f6glichkeiten, um Ihre R\u00e4ume individuell zu gestalten. Neben der Wahl der passenden Wandfarbe k\u00f6nnen wir auch andere Techniken wie beispielsweise das Aufbringen von Strukturputz oder das Anbringen von Tapeten anbieten.<\/p>\n<p>Unser Team ber\u00e4t Sie gerne und steht Ihnen bei der Auswahl der richtigen Techniken und Materialien zur Seite. Wir nehmen uns Zeit, um Ihre W\u00fcnsche und Vorstellungen zu verstehen und setzen diese professionell um.<\/p>\n<p>Vertrauen Sie auf die Expertise und Erfahrung von frischgestrichen.ch und lassen Sie Ihre Arbeits- und Wohnr\u00e4ume nach Ihren individuellen Vorstellungen gestalten. Wir sorgen daf\u00fcr, dass Sie sich in Ihren R\u00e4umen wohlf\u00fchlen und dass diese Ihren pers\u00f6nlichen Stil widerspiegeln.<\/p>\n","protected":false},"excerpt":{"rendered":"<p>Individuelle Gestaltung von Arbeits- und Wohnr\u00e4umen Bei der Gestaltung von Arbeits- und Wohnr\u00e4umen ist es das Ziel, eine individuelle Atmosph\u00e4re zu schaffen, die den pers\u00f6nlichen Vorstellungen und W\u00fcnschen entspricht. Das Team von frischgestrichen.ch hat sich darauf spezialisiert, R\u00e4ume sowohl von innen als auch von au\u00dfen nach den individuellen Bed\u00fcrfnissen der Kunden zu gestalten. Manchmal reicht [&hellip;]<\/p>\n","protected":false},"author":1,"featured_media":0,"comment_status":"open","ping_status":"open","sticky":false,"template":"","format":"standard","meta":{"om_disable_all_campaigns":false,"_monsterinsights_skip_tracking":false,"_monsterinsights_sitenote_active":false,"_monsterinsights_sitenote_note":"","_monsterinsights_sitenote_category":0,"footnotes":""},"categories":[1],"tags":[],"yoast_head":"<!-- This site is optimized with the Yoast SEO plugin v23.0 - https:\/\/yoast.com\/wordpress\/plugins\/seo\/ -->\n<title>Individuelle Gestaltung von Arbeits- und Wohnr\u00e4umen - Meistermaler.ch<\/title>\n<meta name=\"robots\" content=\"index, follow, max-snippet:-1, max-image-preview:large, max-video-preview:-1\" \/>\n<link rel=\"canonical\" href=\"https:\/\/meistermaler.ch\/index.php\/2024\/03\/25\/individuelle-gestaltung-von-arbeits-und-wohnraeumen-2\/\" \/>\n<meta property=\"og:locale\" content=\"de_DE\" \/>\n<meta property=\"og:type\" content=\"article\" \/>\n<meta property=\"og:title\" content=\"Individuelle Gestaltung von Arbeits- und Wohnr\u00e4umen - Meistermaler.ch\" \/>\n<meta property=\"og:description\" content=\"Individuelle Gestaltung von Arbeits- und Wohnr\u00e4umen Bei der Gestaltung von Arbeits- und Wohnr\u00e4umen ist es das Ziel, eine individuelle Atmosph\u00e4re zu schaffen, die den pers\u00f6nlichen Vorstellungen und W\u00fcnschen entspricht. Das Team von frischgestrichen.ch hat sich darauf spezialisiert, R\u00e4ume sowohl von innen als auch von au\u00dfen nach den individuellen Bed\u00fcrfnissen der Kunden zu gestalten. Manchmal reicht [&hellip;]\" \/>\n<meta property=\"og:url\" content=\"https:\/\/meistermaler.ch\/index.php\/2024\/03\/25\/individuelle-gestaltung-von-arbeits-und-wohnraeumen-2\/\" \/>\n<meta property=\"og:site_name\" content=\"Meistermaler.ch\" \/>\n<meta property=\"article:published_time\" content=\"2024-03-25T19:15:27+00:00\" \/>\n<meta name=\"author\" content=\"meistermaler.ch\" \/>\n<meta name=\"twitter:card\" content=\"summary_large_image\" \/>\n<meta name=\"twitter:label1\" content=\"Verfasst von\" \/>\n\t<meta name=\"twitter:data1\" content=\"meistermaler.ch\" \/>\n\t<meta name=\"twitter:label2\" content=\"Gesch\u00e4tzte Lesezeit\" \/>\n\t<meta name=\"twitter:data2\" content=\"2\u00a0Minuten\" \/>\n<script type=\"application\/ld+json\" class=\"yoast-schema-graph\">{\"@context\":\"https:\/\/schema.org\",\"@graph\":[{\"@type\":\"Article\",\"@id\":\"https:\/\/meistermaler.ch\/index.php\/2024\/03\/25\/individuelle-gestaltung-von-arbeits-und-wohnraeumen-2\/#article\",\"isPartOf\":{\"@id\":\"https:\/\/meistermaler.ch\/index.php\/2024\/03\/25\/individuelle-gestaltung-von-arbeits-und-wohnraeumen-2\/\"},\"author\":{\"name\":\"meistermaler.ch\",\"@id\":\"https:\/\/meistermaler.ch\/#\/schema\/person\/e22cb20a17b0c775c28ddc6488fda9c5\"},\"headline\":\"Individuelle Gestaltung von Arbeits- und Wohnr\u00e4umen\",\"datePublished\":\"2024-03-25T19:15:27+00:00\",\"dateModified\":\"2024-03-25T19:15:27+00:00\",\"mainEntityOfPage\":{\"@id\":\"https:\/\/meistermaler.ch\/index.php\/2024\/03\/25\/individuelle-gestaltung-von-arbeits-und-wohnraeumen-2\/\"},\"wordCount\":336,\"commentCount\":0,\"publisher\":{\"@id\":\"https:\/\/meistermaler.ch\/#organization\"},\"articleSection\":[\"Blog\"],\"inLanguage\":\"de\",\"potentialAction\":[{\"@type\":\"CommentAction\",\"name\":\"Comment\",\"target\":[\"https:\/\/meistermaler.ch\/index.php\/2024\/03\/25\/individuelle-gestaltung-von-arbeits-und-wohnraeumen-2\/#respond\"]}]},{\"@type\":\"WebPage\",\"@id\":\"https:\/\/meistermaler.ch\/index.php\/2024\/03\/25\/individuelle-gestaltung-von-arbeits-und-wohnraeumen-2\/\",\"url\":\"https:\/\/meistermaler.ch\/index.php\/2024\/03\/25\/individuelle-gestaltung-von-arbeits-und-wohnraeumen-2\/\",\"name\":\"Individuelle Gestaltung von Arbeits- und Wohnr\u00e4umen - Meistermaler.ch\",\"isPartOf\":{\"@id\":\"https:\/\/meistermaler.ch\/#website\"},\"datePublished\":\"2024-03-25T19:15:27+00:00\",\"dateModified\":\"2024-03-25T19:15:27+00:00\",\"breadcrumb\":{\"@id\":\"https:\/\/meistermaler.ch\/index.php\/2024\/03\/25\/individuelle-gestaltung-von-arbeits-und-wohnraeumen-2\/#breadcrumb\"},\"inLanguage\":\"de\",\"potentialAction\":[{\"@type\":\"ReadAction\",\"target\":[\"https:\/\/meistermaler.ch\/index.php\/2024\/03\/25\/individuelle-gestaltung-von-arbeits-und-wohnraeumen-2\/\"]}]},{\"@type\":\"BreadcrumbList\",\"@id\":\"https:\/\/meistermaler.ch\/index.php\/2024\/03\/25\/individuelle-gestaltung-von-arbeits-und-wohnraeumen-2\/#breadcrumb\",\"itemListElement\":[{\"@type\":\"ListItem\",\"position\":1,\"name\":\"Home\",\"item\":\"https:\/\/meistermaler.ch\/\"},{\"@type\":\"ListItem\",\"position\":2,\"name\":\"Individuelle Gestaltung von Arbeits- und Wohnr\u00e4umen\"}]},{\"@type\":\"WebSite\",\"@id\":\"https:\/\/meistermaler.ch\/#website\",\"url\":\"https:\/\/meistermaler.ch\/\",\"name\":\"Meistermaler.ch\",\"description\":\"\",\"publisher\":{\"@id\":\"https:\/\/meistermaler.ch\/#organization\"},\"potentialAction\":[{\"@type\":\"SearchAction\",\"target\":{\"@type\":\"EntryPoint\",\"urlTemplate\":\"https:\/\/meistermaler.ch\/?s={search_term_string}\"},\"query-input\":\"required name=search_term_string\"}],\"inLanguage\":\"de\"},{\"@type\":\"Organization\",\"@id\":\"https:\/\/meistermaler.ch\/#organization\",\"name\":\"Meistermaler.ch\",\"url\":\"https:\/\/meistermaler.ch\/\",\"logo\":{\"@type\":\"ImageObject\",\"inLanguage\":\"de\",\"@id\":\"https:\/\/meistermaler.ch\/#\/schema\/logo\/image\/\",\"url\":\"https:\/\/meistermaler.ch\/wp-content\/uploads\/2024\/03\/cropped-meistermaler.ch_.png\",\"contentUrl\":\"https:\/\/meistermaler.ch\/wp-content\/uploads\/2024\/03\/cropped-meistermaler.ch_.png\",\"width\":512,\"height\":512,\"caption\":\"Meistermaler.ch\"},\"image\":{\"@id\":\"https:\/\/meistermaler.ch\/#\/schema\/logo\/image\/\"}},{\"@type\":\"Person\",\"@id\":\"https:\/\/meistermaler.ch\/#\/schema\/person\/e22cb20a17b0c775c28ddc6488fda9c5\",\"name\":\"meistermaler.ch\",\"image\":{\"@type\":\"ImageObject\",\"inLanguage\":\"de\",\"@id\":\"https:\/\/meistermaler.ch\/#\/schema\/person\/image\/\",\"url\":\"https:\/\/secure.gravatar.com\/avatar\/235dc84a78810e4a7f7410b32586c949?s=96&d=mm&r=g\",\"contentUrl\":\"https:\/\/secure.gravatar.com\/avatar\/235dc84a78810e4a7f7410b32586c949?s=96&d=mm&r=g\",\"caption\":\"meistermaler.ch\"},\"sameAs\":[\"http:\/\/meistermaler.ch\"],\"url\":\"https:\/\/meistermaler.ch\/index.php\/author\/meistermaler-ch\/\"}]}<\/script>\n<!-- \/ Yoast SEO plugin. -->","yoast_head_json":{"title":"Individuelle Gestaltung von Arbeits- und Wohnr\u00e4umen - Meistermaler.ch","robots":{"index":"index","follow":"follow","max-snippet":"max-snippet:-1","max-image-preview":"max-image-preview:large","max-video-preview":"max-video-preview:-1"},"canonical":"https:\/\/meistermaler.ch\/index.php\/2024\/03\/25\/individuelle-gestaltung-von-arbeits-und-wohnraeumen-2\/","og_locale":"de_DE","og_type":"article","og_title":"Individuelle Gestaltung von Arbeits- und Wohnr\u00e4umen - Meistermaler.ch","og_description":"Individuelle Gestaltung von Arbeits- und Wohnr\u00e4umen Bei der Gestaltung von Arbeits- und Wohnr\u00e4umen ist es das Ziel, eine individuelle Atmosph\u00e4re zu schaffen, die den pers\u00f6nlichen Vorstellungen und W\u00fcnschen entspricht. Das Team von frischgestrichen.ch hat sich darauf spezialisiert, R\u00e4ume sowohl von innen als auch von au\u00dfen nach den individuellen Bed\u00fcrfnissen der Kunden zu gestalten. Manchmal reicht [&hellip;]","og_url":"https:\/\/meistermaler.ch\/index.php\/2024\/03\/25\/individuelle-gestaltung-von-arbeits-und-wohnraeumen-2\/","og_site_name":"Meistermaler.ch","article_published_time":"2024-03-25T19:15:27+00:00","author":"meistermaler.ch","twitter_card":"summary_large_image","twitter_misc":{"Verfasst von":"meistermaler.ch","Gesch\u00e4tzte Lesezeit":"2\u00a0Minuten"},"schema":{"@context":"https:\/\/schema.org","@graph":[{"@type":"Article","@id":"https:\/\/meistermaler.ch\/index.php\/2024\/03\/25\/individuelle-gestaltung-von-arbeits-und-wohnraeumen-2\/#article","isPartOf":{"@id":"https:\/\/meistermaler.ch\/index.php\/2024\/03\/25\/individuelle-gestaltung-von-arbeits-und-wohnraeumen-2\/"},"author":{"name":"meistermaler.ch","@id":"https:\/\/meistermaler.ch\/#\/schema\/person\/e22cb20a17b0c775c28ddc6488fda9c5"},"headline":"Individuelle Gestaltung von Arbeits- und Wohnr\u00e4umen","datePublished":"2024-03-25T19:15:27+00:00","dateModified":"2024-03-25T19:15:27+00:00","mainEntityOfPage":{"@id":"https:\/\/meistermaler.ch\/index.php\/2024\/03\/25\/individuelle-gestaltung-von-arbeits-und-wohnraeumen-2\/"},"wordCount":336,"commentCount":0,"publisher":{"@id":"https:\/\/meistermaler.ch\/#organization"},"articleSection":["Blog"],"inLanguage":"de","potentialAction":[{"@type":"CommentAction","name":"Comment","target":["https:\/\/meistermaler.ch\/index.php\/2024\/03\/25\/individuelle-gestaltung-von-arbeits-und-wohnraeumen-2\/#respond"]}]},{"@type":"WebPage","@id":"https:\/\/meistermaler.ch\/index.php\/2024\/03\/25\/individuelle-gestaltung-von-arbeits-und-wohnraeumen-2\/","url":"https:\/\/meistermaler.ch\/index.php\/2024\/03\/25\/individuelle-gestaltung-von-arbeits-und-wohnraeumen-2\/","name":"Individuelle Gestaltung von Arbeits- und Wohnr\u00e4umen - Meistermaler.ch","isPartOf":{"@id":"https:\/\/meistermaler.ch\/#website"},"datePublished":"2024-03-25T19:15:27+00:00","dateModified":"2024-03-25T19:15:27+00:00","breadcrumb":{"@id":"https:\/\/meistermaler.ch\/index.php\/2024\/03\/25\/individuelle-gestaltung-von-arbeits-und-wohnraeumen-2\/#breadcrumb"},"inLanguage":"de","potentialAction":[{"@type":"ReadAction","target":["https:\/\/meistermaler.ch\/index.php\/2024\/03\/25\/individuelle-gestaltung-von-arbeits-und-wohnraeumen-2\/"]}]},{"@type":"BreadcrumbList","@id":"https:\/\/meistermaler.ch\/index.php\/2024\/03\/25\/individuelle-gestaltung-von-arbeits-und-wohnraeumen-2\/#breadcrumb","itemListElement":[{"@type":"ListItem","position":1,"name":"Home","item":"https:\/\/meistermaler.ch\/"},{"@type":"ListItem","position":2,"name":"Individuelle Gestaltung von Arbeits- und Wohnr\u00e4umen"}]},{"@type":"WebSite","@id":"https:\/\/meistermaler.ch\/#website","url":"https:\/\/meistermaler.ch\/","name":"Meistermaler.ch","description":"","publisher":{"@id":"https:\/\/meistermaler.ch\/#organization"},"potentialAction":[{"@type":"SearchAction","target":{"@type":"EntryPoint","urlTemplate":"https:\/\/meistermaler.ch\/?s={search_term_string}"},"query-input":"required name=search_term_string"}],"inLanguage":"de"},{"@type":"Organization","@id":"https:\/\/meistermaler.ch\/#organization","name":"Meistermaler.ch","url":"https:\/\/meistermaler.ch\/","logo":{"@type":"ImageObject","inLanguage":"de","@id":"https:\/\/meistermaler.ch\/#\/schema\/logo\/image\/","url":"https:\/\/meistermaler.ch\/wp-content\/uploads\/2024\/03\/cropped-meistermaler.ch_.png","contentUrl":"https:\/\/meistermaler.ch\/wp-content\/uploads\/2024\/03\/cropped-meistermaler.ch_.png","width":512,"height":512,"caption":"Meistermaler.ch"},"image":{"@id":"https:\/\/meistermaler.ch\/#\/schema\/logo\/image\/"}},{"@type":"Person","@id":"https:\/\/meistermaler.ch\/#\/schema\/person\/e22cb20a17b0c775c28ddc6488fda9c5","name":"meistermaler.ch","image":{"@type":"ImageObject","inLanguage":"de","@id":"https:\/\/meistermaler.ch\/#\/schema\/person\/image\/","url":"https:\/\/secure.gravatar.com\/avatar\/235dc84a78810e4a7f7410b32586c949?s=96&d=mm&r=g","contentUrl":"https:\/\/secure.gravatar.com\/avatar\/235dc84a78810e4a7f7410b32586c949?s=96&d=mm&r=g","caption":"meistermaler.ch"},"sameAs":["http:\/\/meistermaler.ch"],"url":"https:\/\/meistermaler.ch\/index.php\/author\/meistermaler-ch\/"}]}},"_links":{"self":[{"href":"https:\/\/meistermaler.ch\/index.php\/wp-json\/wp\/v2\/posts\/7"}],"collection":[{"href":"https:\/\/meistermaler.ch\/index.php\/wp-json\/wp\/v2\/posts"}],"about":[{"href":"https:\/\/meistermaler.ch\/index.php\/wp-json\/wp\/v2\/types\/post"}],"author":[{"embeddable":true,"href":"https:\/\/meistermaler.ch\/index.php\/wp-json\/wp\/v2\/users\/1"}],"replies":[{"embeddable":true,"href":"https:\/\/meistermaler.ch\/index.php\/wp-json\/wp\/v2\/comments?post=7"}],"version-history":[{"count":0,"href":"https:\/\/meistermaler.ch\/index.php\/wp-json\/wp\/v2\/posts\/7\/revisions"}],"wp:attachment":[{"href":"https:\/\/meistermaler.ch\/index.php\/wp-json\/wp\/v2\/media?parent=7"}],"wp:term":[{"taxonomy":"category","embeddable":true,"href":"https:\/\/meistermaler.ch\/index.php\/wp-json\/wp\/v2\/categories?post=7"},{"taxonomy":"post_tag","embeddable":true,"href":"https:\/\/meistermaler.ch\/index.php\/wp-json\/wp\/v2\/tags?post=7"}],"curies":[{"name":"wp","href":"https:\/\/api.w.org\/{rel}","templated":true}]}}