{"id":8,"date":"2024-03-25T20:15:30","date_gmt":"2024-03-25T19:15:30","guid":{"rendered":"http:\/\/meistermaler.ch\/index.php\/2024\/03\/25\/frischgestrichen-ch-individuelle-gestaltung-von-arbeits-und-wohnraeumen-2\/"},"modified":"2024-03-25T20:15:30","modified_gmt":"2024-03-25T19:15:30","slug":"frischgestrichen-ch-individuelle-gestaltung-von-arbeits-und-wohnraeumen-2","status":"publish","type":"post","link":"https:\/\/meistermaler.ch\/index.php\/2024\/03\/25\/frischgestrichen-ch-individuelle-gestaltung-von-arbeits-und-wohnraeumen-2\/","title":{"rendered":"Frischgestrichen.ch &#8211; Individuelle Gestaltung von Arbeits- und Wohnr\u00e4umen"},"content":{"rendered":"<h2>Individuelle Gestaltung von Arbeits- und Wohnr\u00e4umen<\/h2>\n<p>Bei frischgestrichen.ch haben wir uns darauf spezialisiert, Arbeits- und Wohnr\u00e4ume nach den individuellen W\u00fcnschen unserer Kunden zu gestalten. Egal, ob es um eine Ver\u00e4nderung von innen oder au\u00dfen geht, wir stehen Ihnen mit unseren individuellen Techniken zur Verf\u00fcgung, um das gew\u00fcnschte Ergebnis zu erzielen. Manchmal reicht schon eine kleine Ver\u00e4nderung, um einen gro\u00dfen Effekt zu erzielen.<\/p>\n<h2>Ein neues Raumgef\u00fchl durch eine neue Wandfarbe<\/h2>\n<p>Ein einfacher Weg, um ein ganz neues Raumgef\u00fchl zu schaffen, ist die Wahl einer neuen Wandfarbe. Besonders in der K\u00fcche, wo viel Zeit verbracht wird, kann eine frische Farbe einen gro\u00dfen Unterschied machen. Unser Team von frischgestrichen.ch arbeitet schnell und sauber, sodass Sie Ihre R\u00e4ume so schnell wie m\u00f6glich wieder nutzen k\u00f6nnen.<\/p>\n<h2>Wir machen Ihr Zuhause sch\u00f6ner<\/h2>\n<p>Unser Ziel ist es, Ihr Zuhause sch\u00f6ner zu machen. Mit unseren individuellen Techniken und unserem professionellen Team k\u00f6nnen wir Ihre Arbeits- und Wohnr\u00e4ume genau nach Ihren Vorstellungen gestalten. Egal, ob es um das Streichen von W\u00e4nden, das Verlegen von Bodenbel\u00e4gen oder das Aufbringen von Tapeten geht, wir haben die Erfahrung und das Know-how, um Ihre W\u00fcnsche umzusetzen.<\/p>\n<p>Bei frischgestrichen.ch legen wir gro\u00dfen Wert auf Qualit\u00e4t und Kundenzufriedenheit. Wir arbeiten sorgf\u00e4ltig und pr\u00e4zise, um ein optimales Ergebnis zu erzielen. Unsere Mitarbeiter sind erfahren und professionell und stehen Ihnen gerne mit Rat und Tat zur Seite.<\/p>\n<p>Wenn Sie also Ihre Arbeits- oder Wohnr\u00e4ume individuell gestalten m\u00f6chten, sind Sie bei uns genau richtig. Kontaktieren Sie uns noch heute und lassen Sie sich von unserem professionellen Team beraten. Gemeinsam finden wir die beste L\u00f6sung f\u00fcr Ihre Bed\u00fcrfnisse.<\/p>\n<p>Wir freuen uns darauf, Ihnen zu helfen, Ihr Zuhause sch\u00f6ner zu machen!<\/p>\n","protected":false},"excerpt":{"rendered":"<p>Individuelle Gestaltung von Arbeits- und Wohnr\u00e4umen Bei frischgestrichen.ch haben wir uns darauf spezialisiert, Arbeits- und Wohnr\u00e4ume nach den individuellen W\u00fcnschen unserer Kunden zu gestalten. Egal, ob es um eine Ver\u00e4nderung von innen oder au\u00dfen geht, wir stehen Ihnen mit unseren individuellen Techniken zur Verf\u00fcgung, um das gew\u00fcnschte Ergebnis zu erzielen. Manchmal reicht schon eine kleine [&hellip;]<\/p>\n","protected":false},"author":1,"featured_media":0,"comment_status":"open","ping_status":"open","sticky":false,"template":"","format":"standard","meta":{"om_disable_all_campaigns":false,"_monsterinsights_skip_tracking":false,"_monsterinsights_sitenote_active":false,"_monsterinsights_sitenote_note":"","_monsterinsights_sitenote_category":0,"footnotes":""},"categories":[1],"tags":[],"yoast_head":"<!-- This site is optimized with the Yoast SEO plugin v23.0 - https:\/\/yoast.com\/wordpress\/plugins\/seo\/ -->\n<title>Frischgestrichen.ch - Individuelle Gestaltung von Arbeits- und Wohnr\u00e4umen - Meistermaler.ch<\/title>\n<meta name=\"robots\" content=\"index, follow, max-snippet:-1, max-image-preview:large, max-video-preview:-1\" \/>\n<link rel=\"canonical\" href=\"https:\/\/meistermaler.ch\/index.php\/2024\/03\/25\/frischgestrichen-ch-individuelle-gestaltung-von-arbeits-und-wohnraeumen-2\/\" \/>\n<meta property=\"og:locale\" content=\"de_DE\" \/>\n<meta property=\"og:type\" content=\"article\" \/>\n<meta property=\"og:title\" content=\"Frischgestrichen.ch - Individuelle Gestaltung von Arbeits- und Wohnr\u00e4umen - Meistermaler.ch\" \/>\n<meta property=\"og:description\" content=\"Individuelle Gestaltung von Arbeits- und Wohnr\u00e4umen Bei frischgestrichen.ch haben wir uns darauf spezialisiert, Arbeits- und Wohnr\u00e4ume nach den individuellen W\u00fcnschen unserer Kunden zu gestalten. Egal, ob es um eine Ver\u00e4nderung von innen oder au\u00dfen geht, wir stehen Ihnen mit unseren individuellen Techniken zur Verf\u00fcgung, um das gew\u00fcnschte Ergebnis zu erzielen. Manchmal reicht schon eine kleine [&hellip;]\" \/>\n<meta property=\"og:url\" content=\"https:\/\/meistermaler.ch\/index.php\/2024\/03\/25\/frischgestrichen-ch-individuelle-gestaltung-von-arbeits-und-wohnraeumen-2\/\" \/>\n<meta property=\"og:site_name\" content=\"Meistermaler.ch\" \/>\n<meta property=\"article:published_time\" content=\"2024-03-25T19:15:30+00:00\" \/>\n<meta name=\"author\" content=\"meistermaler.ch\" \/>\n<meta name=\"twitter:card\" content=\"summary_large_image\" \/>\n<meta name=\"twitter:label1\" content=\"Verfasst von\" \/>\n\t<meta name=\"twitter:data1\" content=\"meistermaler.ch\" \/>\n\t<meta name=\"twitter:label2\" content=\"Gesch\u00e4tzte Lesezeit\" \/>\n\t<meta name=\"twitter:data2\" content=\"2\u00a0Minuten\" \/>\n<script type=\"application\/ld+json\" class=\"yoast-schema-graph\">{\"@context\":\"https:\/\/schema.org\",\"@graph\":[{\"@type\":\"Article\",\"@id\":\"https:\/\/meistermaler.ch\/index.php\/2024\/03\/25\/frischgestrichen-ch-individuelle-gestaltung-von-arbeits-und-wohnraeumen-2\/#article\",\"isPartOf\":{\"@id\":\"https:\/\/meistermaler.ch\/index.php\/2024\/03\/25\/frischgestrichen-ch-individuelle-gestaltung-von-arbeits-und-wohnraeumen-2\/\"},\"author\":{\"name\":\"meistermaler.ch\",\"@id\":\"https:\/\/meistermaler.ch\/#\/schema\/person\/e22cb20a17b0c775c28ddc6488fda9c5\"},\"headline\":\"Frischgestrichen.ch &#8211; Individuelle Gestaltung von Arbeits- und Wohnr\u00e4umen\",\"datePublished\":\"2024-03-25T19:15:30+00:00\",\"dateModified\":\"2024-03-25T19:15:30+00:00\",\"mainEntityOfPage\":{\"@id\":\"https:\/\/meistermaler.ch\/index.php\/2024\/03\/25\/frischgestrichen-ch-individuelle-gestaltung-von-arbeits-und-wohnraeumen-2\/\"},\"wordCount\":317,\"commentCount\":0,\"publisher\":{\"@id\":\"https:\/\/meistermaler.ch\/#organization\"},\"articleSection\":[\"Blog\"],\"inLanguage\":\"de\",\"potentialAction\":[{\"@type\":\"CommentAction\",\"name\":\"Comment\",\"target\":[\"https:\/\/meistermaler.ch\/index.php\/2024\/03\/25\/frischgestrichen-ch-individuelle-gestaltung-von-arbeits-und-wohnraeumen-2\/#respond\"]}]},{\"@type\":\"WebPage\",\"@id\":\"https:\/\/meistermaler.ch\/index.php\/2024\/03\/25\/frischgestrichen-ch-individuelle-gestaltung-von-arbeits-und-wohnraeumen-2\/\",\"url\":\"https:\/\/meistermaler.ch\/index.php\/2024\/03\/25\/frischgestrichen-ch-individuelle-gestaltung-von-arbeits-und-wohnraeumen-2\/\",\"name\":\"Frischgestrichen.ch - Individuelle Gestaltung von Arbeits- und Wohnr\u00e4umen - Meistermaler.ch\",\"isPartOf\":{\"@id\":\"https:\/\/meistermaler.ch\/#website\"},\"datePublished\":\"2024-03-25T19:15:30+00:00\",\"dateModified\":\"2024-03-25T19:15:30+00:00\",\"breadcrumb\":{\"@id\":\"https:\/\/meistermaler.ch\/index.php\/2024\/03\/25\/frischgestrichen-ch-individuelle-gestaltung-von-arbeits-und-wohnraeumen-2\/#breadcrumb\"},\"inLanguage\":\"de\",\"potentialAction\":[{\"@type\":\"ReadAction\",\"target\":[\"https:\/\/meistermaler.ch\/index.php\/2024\/03\/25\/frischgestrichen-ch-individuelle-gestaltung-von-arbeits-und-wohnraeumen-2\/\"]}]},{\"@type\":\"BreadcrumbList\",\"@id\":\"https:\/\/meistermaler.ch\/index.php\/2024\/03\/25\/frischgestrichen-ch-individuelle-gestaltung-von-arbeits-und-wohnraeumen-2\/#breadcrumb\",\"itemListElement\":[{\"@type\":\"ListItem\",\"position\":1,\"name\":\"Home\",\"item\":\"https:\/\/meistermaler.ch\/\"},{\"@type\":\"ListItem\",\"position\":2,\"name\":\"Frischgestrichen.ch &#8211; Individuelle Gestaltung von Arbeits- und Wohnr\u00e4umen\"}]},{\"@type\":\"WebSite\",\"@id\":\"https:\/\/meistermaler.ch\/#website\",\"url\":\"https:\/\/meistermaler.ch\/\",\"name\":\"Meistermaler.ch\",\"description\":\"\",\"publisher\":{\"@id\":\"https:\/\/meistermaler.ch\/#organization\"},\"potentialAction\":[{\"@type\":\"SearchAction\",\"target\":{\"@type\":\"EntryPoint\",\"urlTemplate\":\"https:\/\/meistermaler.ch\/?s={search_term_string}\"},\"query-input\":\"required name=search_term_string\"}],\"inLanguage\":\"de\"},{\"@type\":\"Organization\",\"@id\":\"https:\/\/meistermaler.ch\/#organization\",\"name\":\"Meistermaler.ch\",\"url\":\"https:\/\/meistermaler.ch\/\",\"logo\":{\"@type\":\"ImageObject\",\"inLanguage\":\"de\",\"@id\":\"https:\/\/meistermaler.ch\/#\/schema\/logo\/image\/\",\"url\":\"https:\/\/meistermaler.ch\/wp-content\/uploads\/2024\/03\/cropped-meistermaler.ch_.png\",\"contentUrl\":\"https:\/\/meistermaler.ch\/wp-content\/uploads\/2024\/03\/cropped-meistermaler.ch_.png\",\"width\":512,\"height\":512,\"caption\":\"Meistermaler.ch\"},\"image\":{\"@id\":\"https:\/\/meistermaler.ch\/#\/schema\/logo\/image\/\"}},{\"@type\":\"Person\",\"@id\":\"https:\/\/meistermaler.ch\/#\/schema\/person\/e22cb20a17b0c775c28ddc6488fda9c5\",\"name\":\"meistermaler.ch\",\"image\":{\"@type\":\"ImageObject\",\"inLanguage\":\"de\",\"@id\":\"https:\/\/meistermaler.ch\/#\/schema\/person\/image\/\",\"url\":\"https:\/\/secure.gravatar.com\/avatar\/235dc84a78810e4a7f7410b32586c949?s=96&d=mm&r=g\",\"contentUrl\":\"https:\/\/secure.gravatar.com\/avatar\/235dc84a78810e4a7f7410b32586c949?s=96&d=mm&r=g\",\"caption\":\"meistermaler.ch\"},\"sameAs\":[\"http:\/\/meistermaler.ch\"],\"url\":\"https:\/\/meistermaler.ch\/index.php\/author\/meistermaler-ch\/\"}]}<\/script>\n<!-- \/ Yoast SEO plugin. -->","yoast_head_json":{"title":"Frischgestrichen.ch - Individuelle Gestaltung von Arbeits- und Wohnr\u00e4umen - Meistermaler.ch","robots":{"index":"index","follow":"follow","max-snippet":"max-snippet:-1","max-image-preview":"max-image-preview:large","max-video-preview":"max-video-preview:-1"},"canonical":"https:\/\/meistermaler.ch\/index.php\/2024\/03\/25\/frischgestrichen-ch-individuelle-gestaltung-von-arbeits-und-wohnraeumen-2\/","og_locale":"de_DE","og_type":"article","og_title":"Frischgestrichen.ch - Individuelle Gestaltung von Arbeits- und Wohnr\u00e4umen - Meistermaler.ch","og_description":"Individuelle Gestaltung von Arbeits- und Wohnr\u00e4umen Bei frischgestrichen.ch haben wir uns darauf spezialisiert, Arbeits- und Wohnr\u00e4ume nach den individuellen W\u00fcnschen unserer Kunden zu gestalten. Egal, ob es um eine Ver\u00e4nderung von innen oder au\u00dfen geht, wir stehen Ihnen mit unseren individuellen Techniken zur Verf\u00fcgung, um das gew\u00fcnschte Ergebnis zu erzielen. Manchmal reicht schon eine kleine [&hellip;]","og_url":"https:\/\/meistermaler.ch\/index.php\/2024\/03\/25\/frischgestrichen-ch-individuelle-gestaltung-von-arbeits-und-wohnraeumen-2\/","og_site_name":"Meistermaler.ch","article_published_time":"2024-03-25T19:15:30+00:00","author":"meistermaler.ch","twitter_card":"summary_large_image","twitter_misc":{"Verfasst von":"meistermaler.ch","Gesch\u00e4tzte Lesezeit":"2\u00a0Minuten"},"schema":{"@context":"https:\/\/schema.org","@graph":[{"@type":"Article","@id":"https:\/\/meistermaler.ch\/index.php\/2024\/03\/25\/frischgestrichen-ch-individuelle-gestaltung-von-arbeits-und-wohnraeumen-2\/#article","isPartOf":{"@id":"https:\/\/meistermaler.ch\/index.php\/2024\/03\/25\/frischgestrichen-ch-individuelle-gestaltung-von-arbeits-und-wohnraeumen-2\/"},"author":{"name":"meistermaler.ch","@id":"https:\/\/meistermaler.ch\/#\/schema\/person\/e22cb20a17b0c775c28ddc6488fda9c5"},"headline":"Frischgestrichen.ch &#8211; Individuelle Gestaltung von Arbeits- und Wohnr\u00e4umen","datePublished":"2024-03-25T19:15:30+00:00","dateModified":"2024-03-25T19:15:30+00:00","mainEntityOfPage":{"@id":"https:\/\/meistermaler.ch\/index.php\/2024\/03\/25\/frischgestrichen-ch-individuelle-gestaltung-von-arbeits-und-wohnraeumen-2\/"},"wordCount":317,"commentCount":0,"publisher":{"@id":"https:\/\/meistermaler.ch\/#organization"},"articleSection":["Blog"],"inLanguage":"de","potentialAction":[{"@type":"CommentAction","name":"Comment","target":["https:\/\/meistermaler.ch\/index.php\/2024\/03\/25\/frischgestrichen-ch-individuelle-gestaltung-von-arbeits-und-wohnraeumen-2\/#respond"]}]},{"@type":"WebPage","@id":"https:\/\/meistermaler.ch\/index.php\/2024\/03\/25\/frischgestrichen-ch-individuelle-gestaltung-von-arbeits-und-wohnraeumen-2\/","url":"https:\/\/meistermaler.ch\/index.php\/2024\/03\/25\/frischgestrichen-ch-individuelle-gestaltung-von-arbeits-und-wohnraeumen-2\/","name":"Frischgestrichen.ch - Individuelle Gestaltung von Arbeits- und Wohnr\u00e4umen - Meistermaler.ch","isPartOf":{"@id":"https:\/\/meistermaler.ch\/#website"},"datePublished":"2024-03-25T19:15:30+00:00","dateModified":"2024-03-25T19:15:30+00:00","breadcrumb":{"@id":"https:\/\/meistermaler.ch\/index.php\/2024\/03\/25\/frischgestrichen-ch-individuelle-gestaltung-von-arbeits-und-wohnraeumen-2\/#breadcrumb"},"inLanguage":"de","potentialAction":[{"@type":"ReadAction","target":["https:\/\/meistermaler.ch\/index.php\/2024\/03\/25\/frischgestrichen-ch-individuelle-gestaltung-von-arbeits-und-wohnraeumen-2\/"]}]},{"@type":"BreadcrumbList","@id":"https:\/\/meistermaler.ch\/index.php\/2024\/03\/25\/frischgestrichen-ch-individuelle-gestaltung-von-arbeits-und-wohnraeumen-2\/#breadcrumb","itemListElement":[{"@type":"ListItem","position":1,"name":"Home","item":"https:\/\/meistermaler.ch\/"},{"@type":"ListItem","position":2,"name":"Frischgestrichen.ch &#8211; Individuelle Gestaltung von Arbeits- und Wohnr\u00e4umen"}]},{"@type":"WebSite","@id":"https:\/\/meistermaler.ch\/#website","url":"https:\/\/meistermaler.ch\/","name":"Meistermaler.ch","description":"","publisher":{"@id":"https:\/\/meistermaler.ch\/#organization"},"potentialAction":[{"@type":"SearchAction","target":{"@type":"EntryPoint","urlTemplate":"https:\/\/meistermaler.ch\/?s={search_term_string}"},"query-input":"required name=search_term_string"}],"inLanguage":"de"},{"@type":"Organization","@id":"https:\/\/meistermaler.ch\/#organization","name":"Meistermaler.ch","url":"https:\/\/meistermaler.ch\/","logo":{"@type":"ImageObject","inLanguage":"de","@id":"https:\/\/meistermaler.ch\/#\/schema\/logo\/image\/","url":"https:\/\/meistermaler.ch\/wp-content\/uploads\/2024\/03\/cropped-meistermaler.ch_.png","contentUrl":"https:\/\/meistermaler.ch\/wp-content\/uploads\/2024\/03\/cropped-meistermaler.ch_.png","width":512,"height":512,"caption":"Meistermaler.ch"},"image":{"@id":"https:\/\/meistermaler.ch\/#\/schema\/logo\/image\/"}},{"@type":"Person","@id":"https:\/\/meistermaler.ch\/#\/schema\/person\/e22cb20a17b0c775c28ddc6488fda9c5","name":"meistermaler.ch","image":{"@type":"ImageObject","inLanguage":"de","@id":"https:\/\/meistermaler.ch\/#\/schema\/person\/image\/","url":"https:\/\/secure.gravatar.com\/avatar\/235dc84a78810e4a7f7410b32586c949?s=96&d=mm&r=g","contentUrl":"https:\/\/secure.gravatar.com\/avatar\/235dc84a78810e4a7f7410b32586c949?s=96&d=mm&r=g","caption":"meistermaler.ch"},"sameAs":["http:\/\/meistermaler.ch"],"url":"https:\/\/meistermaler.ch\/index.php\/author\/meistermaler-ch\/"}]}},"_links":{"self":[{"href":"https:\/\/meistermaler.ch\/index.php\/wp-json\/wp\/v2\/posts\/8"}],"collection":[{"href":"https:\/\/meistermaler.ch\/index.php\/wp-json\/wp\/v2\/posts"}],"about":[{"href":"https:\/\/meistermaler.ch\/index.php\/wp-json\/wp\/v2\/types\/post"}],"author":[{"embeddable":true,"href":"https:\/\/meistermaler.ch\/index.php\/wp-json\/wp\/v2\/users\/1"}],"replies":[{"embeddable":true,"href":"https:\/\/meistermaler.ch\/index.php\/wp-json\/wp\/v2\/comments?post=8"}],"version-history":[{"count":0,"href":"https:\/\/meistermaler.ch\/index.php\/wp-json\/wp\/v2\/posts\/8\/revisions"}],"wp:attachment":[{"href":"https:\/\/meistermaler.ch\/index.php\/wp-json\/wp\/v2\/media?parent=8"}],"wp:term":[{"taxonomy":"category","embeddable":true,"href":"https:\/\/meistermaler.ch\/index.php\/wp-json\/wp\/v2\/categories?post=8"},{"taxonomy":"post_tag","embeddable":true,"href":"https:\/\/meistermaler.ch\/index.php\/wp-json\/wp\/v2\/tags?post=8"}],"curies":[{"name":"wp","href":"https:\/\/api.w.org\/{rel}","templated":true}]}}