{"id":9,"date":"2024-03-25T20:18:09","date_gmt":"2024-03-25T19:18:09","guid":{"rendered":"https:\/\/meistermaler.ch\/index.php\/2024\/03\/25\/individuelle-gestaltung-von-arbeits-und-wohnraeumen-3\/"},"modified":"2024-03-25T20:18:09","modified_gmt":"2024-03-25T19:18:09","slug":"individuelle-gestaltung-von-arbeits-und-wohnraeumen-3","status":"publish","type":"post","link":"https:\/\/meistermaler.ch\/index.php\/2024\/03\/25\/individuelle-gestaltung-von-arbeits-und-wohnraeumen-3\/","title":{"rendered":"Individuelle Gestaltung von Arbeits- und Wohnr\u00e4umen"},"content":{"rendered":"<h2>Individuelle Gestaltung von Arbeits- und Wohnr\u00e4umen<\/h2>\n<p>Bei der Gestaltung von Arbeits- und Wohnr\u00e4umen ist es das Ziel, eine Atmosph\u00e4re zu schaffen, die den individuellen W\u00fcnschen und Bed\u00fcrfnissen entspricht. Das Team von Frischgestrichen.ch hat sich darauf spezialisiert, sowohl Innen- als auch Au\u00dfenr\u00e4ume nach den Vorstellungen der Kunden zu gestalten. Mit verschiedenen Techniken und Materialien k\u00f6nnen wir kleine Ver\u00e4nderungen vornehmen, die zu gro\u00dfen Ergebnissen f\u00fchren.<\/p>\n<h2>Ein neues Raumgef\u00fchl durch Farbgestaltung<\/h2>\n<p>Manchmal reicht es schon aus, eine Wand in einem Raum neu zu streichen, um eine v\u00f6llig neue Atmosph\u00e4re zu schaffen. Nehmen wir zum Beispiel die K\u00fcche: Durch eine neue Wandfarbe kann sich das gesamte Raumgef\u00fchl ver\u00e4ndern. Von hellen und freundlichen Farben bis hin zu kr\u00e4ftigen und lebendigen T\u00f6nen &#8211; wir beraten unsere Kunden gerne bei der Auswahl der passenden Farbe. Unsere erfahrenen Maler arbeiten schnell und sauber, sodass die R\u00e4ume so schnell wie m\u00f6glich wieder genutzt werden k\u00f6nnen.<\/p>\n<h2>Ihr Zuhause &#8211; sch\u00f6ner denn je<\/h2>\n<p>Unser Ziel ist es, Ihr Zuhause sch\u00f6ner zu machen. Ob Sie nur einen Raum umgestalten m\u00f6chten oder eine komplette Renovierung planen, wir stehen Ihnen mit unserer Expertise zur Seite. Neben der Farbgestaltung bieten wir auch weitere Leistungen an, wie zum Beispiel das Tapezieren von W\u00e4nden oder das Verlegen von Bodenbel\u00e4gen. Unser Team arbeitet professionell und zuverl\u00e4ssig, um Ihre Vorstellungen bestm\u00f6glich umzusetzen.<\/p>\n<p>Bei der Gestaltung von Arbeits- und Wohnr\u00e4umen legen wir gro\u00dfen Wert auf Individualit\u00e4t und Qualit\u00e4t. Wir beraten Sie gerne bei der Auswahl der richtigen Techniken und Materialien und gehen auf Ihre pers\u00f6nlichen W\u00fcnsche ein. Unser Ziel ist es, dass Sie sich in Ihren R\u00e4umen wohlf\u00fchlen und dass diese Ihren pers\u00f6nlichen Stil widerspiegeln.<\/p>\n<p>Wenn Sie also eine Ver\u00e4nderung in Ihren Arbeits- oder Wohnr\u00e4umen w\u00fcnschen, sind wir Ihr kompetenter Ansprechpartner. Kontaktieren Sie uns und vereinbaren Sie einen Termin f\u00fcr eine pers\u00f6nliche Beratung. Wir freuen uns darauf, Ihre R\u00e4ume nach Ihren individuellen Vorstellungen zu gestalten und Ihr Zuhause sch\u00f6ner zu machen.<\/p>\n","protected":false},"excerpt":{"rendered":"<p>Individuelle Gestaltung von Arbeits- und Wohnr\u00e4umen Bei der Gestaltung von Arbeits- und Wohnr\u00e4umen ist es das Ziel, eine Atmosph\u00e4re zu schaffen, die den individuellen W\u00fcnschen und Bed\u00fcrfnissen entspricht. Das Team von Frischgestrichen.ch hat sich darauf spezialisiert, sowohl Innen- als auch Au\u00dfenr\u00e4ume nach den Vorstellungen der Kunden zu gestalten. Mit verschiedenen Techniken und Materialien k\u00f6nnen wir [&hellip;]<\/p>\n","protected":false},"author":1,"featured_media":0,"comment_status":"open","ping_status":"open","sticky":false,"template":"","format":"standard","meta":{"om_disable_all_campaigns":false,"_monsterinsights_skip_tracking":false,"_monsterinsights_sitenote_active":false,"_monsterinsights_sitenote_note":"","_monsterinsights_sitenote_category":0,"footnotes":""},"categories":[1],"tags":[],"yoast_head":"<!-- This site is optimized with the Yoast SEO plugin v23.0 - https:\/\/yoast.com\/wordpress\/plugins\/seo\/ -->\n<title>Individuelle Gestaltung von Arbeits- und Wohnr\u00e4umen - Meistermaler.ch<\/title>\n<meta name=\"robots\" content=\"index, follow, max-snippet:-1, max-image-preview:large, max-video-preview:-1\" \/>\n<link rel=\"canonical\" href=\"https:\/\/meistermaler.ch\/index.php\/2024\/03\/25\/individuelle-gestaltung-von-arbeits-und-wohnraeumen-3\/\" \/>\n<meta property=\"og:locale\" content=\"de_DE\" \/>\n<meta property=\"og:type\" content=\"article\" \/>\n<meta property=\"og:title\" content=\"Individuelle Gestaltung von Arbeits- und Wohnr\u00e4umen - Meistermaler.ch\" \/>\n<meta property=\"og:description\" content=\"Individuelle Gestaltung von Arbeits- und Wohnr\u00e4umen Bei der Gestaltung von Arbeits- und Wohnr\u00e4umen ist es das Ziel, eine Atmosph\u00e4re zu schaffen, die den individuellen W\u00fcnschen und Bed\u00fcrfnissen entspricht. Das Team von Frischgestrichen.ch hat sich darauf spezialisiert, sowohl Innen- als auch Au\u00dfenr\u00e4ume nach den Vorstellungen der Kunden zu gestalten. Mit verschiedenen Techniken und Materialien k\u00f6nnen wir [&hellip;]\" \/>\n<meta property=\"og:url\" content=\"https:\/\/meistermaler.ch\/index.php\/2024\/03\/25\/individuelle-gestaltung-von-arbeits-und-wohnraeumen-3\/\" \/>\n<meta property=\"og:site_name\" content=\"Meistermaler.ch\" \/>\n<meta property=\"article:published_time\" content=\"2024-03-25T19:18:09+00:00\" \/>\n<meta name=\"author\" content=\"meistermaler.ch\" \/>\n<meta name=\"twitter:card\" content=\"summary_large_image\" \/>\n<meta name=\"twitter:label1\" content=\"Verfasst von\" \/>\n\t<meta name=\"twitter:data1\" content=\"meistermaler.ch\" \/>\n\t<meta name=\"twitter:label2\" content=\"Gesch\u00e4tzte Lesezeit\" \/>\n\t<meta name=\"twitter:data2\" content=\"2\u00a0Minuten\" \/>\n<script type=\"application\/ld+json\" class=\"yoast-schema-graph\">{\"@context\":\"https:\/\/schema.org\",\"@graph\":[{\"@type\":\"Article\",\"@id\":\"https:\/\/meistermaler.ch\/index.php\/2024\/03\/25\/individuelle-gestaltung-von-arbeits-und-wohnraeumen-3\/#article\",\"isPartOf\":{\"@id\":\"https:\/\/meistermaler.ch\/index.php\/2024\/03\/25\/individuelle-gestaltung-von-arbeits-und-wohnraeumen-3\/\"},\"author\":{\"name\":\"meistermaler.ch\",\"@id\":\"https:\/\/meistermaler.ch\/#\/schema\/person\/e22cb20a17b0c775c28ddc6488fda9c5\"},\"headline\":\"Individuelle Gestaltung von Arbeits- und Wohnr\u00e4umen\",\"datePublished\":\"2024-03-25T19:18:09+00:00\",\"dateModified\":\"2024-03-25T19:18:09+00:00\",\"mainEntityOfPage\":{\"@id\":\"https:\/\/meistermaler.ch\/index.php\/2024\/03\/25\/individuelle-gestaltung-von-arbeits-und-wohnraeumen-3\/\"},\"wordCount\":364,\"commentCount\":0,\"publisher\":{\"@id\":\"https:\/\/meistermaler.ch\/#organization\"},\"articleSection\":[\"Blog\"],\"inLanguage\":\"de\",\"potentialAction\":[{\"@type\":\"CommentAction\",\"name\":\"Comment\",\"target\":[\"https:\/\/meistermaler.ch\/index.php\/2024\/03\/25\/individuelle-gestaltung-von-arbeits-und-wohnraeumen-3\/#respond\"]}]},{\"@type\":\"WebPage\",\"@id\":\"https:\/\/meistermaler.ch\/index.php\/2024\/03\/25\/individuelle-gestaltung-von-arbeits-und-wohnraeumen-3\/\",\"url\":\"https:\/\/meistermaler.ch\/index.php\/2024\/03\/25\/individuelle-gestaltung-von-arbeits-und-wohnraeumen-3\/\",\"name\":\"Individuelle Gestaltung von Arbeits- und Wohnr\u00e4umen - Meistermaler.ch\",\"isPartOf\":{\"@id\":\"https:\/\/meistermaler.ch\/#website\"},\"datePublished\":\"2024-03-25T19:18:09+00:00\",\"dateModified\":\"2024-03-25T19:18:09+00:00\",\"breadcrumb\":{\"@id\":\"https:\/\/meistermaler.ch\/index.php\/2024\/03\/25\/individuelle-gestaltung-von-arbeits-und-wohnraeumen-3\/#breadcrumb\"},\"inLanguage\":\"de\",\"potentialAction\":[{\"@type\":\"ReadAction\",\"target\":[\"https:\/\/meistermaler.ch\/index.php\/2024\/03\/25\/individuelle-gestaltung-von-arbeits-und-wohnraeumen-3\/\"]}]},{\"@type\":\"BreadcrumbList\",\"@id\":\"https:\/\/meistermaler.ch\/index.php\/2024\/03\/25\/individuelle-gestaltung-von-arbeits-und-wohnraeumen-3\/#breadcrumb\",\"itemListElement\":[{\"@type\":\"ListItem\",\"position\":1,\"name\":\"Home\",\"item\":\"https:\/\/meistermaler.ch\/\"},{\"@type\":\"ListItem\",\"position\":2,\"name\":\"Individuelle Gestaltung von Arbeits- und Wohnr\u00e4umen\"}]},{\"@type\":\"WebSite\",\"@id\":\"https:\/\/meistermaler.ch\/#website\",\"url\":\"https:\/\/meistermaler.ch\/\",\"name\":\"Meistermaler.ch\",\"description\":\"\",\"publisher\":{\"@id\":\"https:\/\/meistermaler.ch\/#organization\"},\"potentialAction\":[{\"@type\":\"SearchAction\",\"target\":{\"@type\":\"EntryPoint\",\"urlTemplate\":\"https:\/\/meistermaler.ch\/?s={search_term_string}\"},\"query-input\":\"required name=search_term_string\"}],\"inLanguage\":\"de\"},{\"@type\":\"Organization\",\"@id\":\"https:\/\/meistermaler.ch\/#organization\",\"name\":\"Meistermaler.ch\",\"url\":\"https:\/\/meistermaler.ch\/\",\"logo\":{\"@type\":\"ImageObject\",\"inLanguage\":\"de\",\"@id\":\"https:\/\/meistermaler.ch\/#\/schema\/logo\/image\/\",\"url\":\"https:\/\/meistermaler.ch\/wp-content\/uploads\/2024\/03\/cropped-meistermaler.ch_.png\",\"contentUrl\":\"https:\/\/meistermaler.ch\/wp-content\/uploads\/2024\/03\/cropped-meistermaler.ch_.png\",\"width\":512,\"height\":512,\"caption\":\"Meistermaler.ch\"},\"image\":{\"@id\":\"https:\/\/meistermaler.ch\/#\/schema\/logo\/image\/\"}},{\"@type\":\"Person\",\"@id\":\"https:\/\/meistermaler.ch\/#\/schema\/person\/e22cb20a17b0c775c28ddc6488fda9c5\",\"name\":\"meistermaler.ch\",\"image\":{\"@type\":\"ImageObject\",\"inLanguage\":\"de\",\"@id\":\"https:\/\/meistermaler.ch\/#\/schema\/person\/image\/\",\"url\":\"https:\/\/secure.gravatar.com\/avatar\/235dc84a78810e4a7f7410b32586c949?s=96&d=mm&r=g\",\"contentUrl\":\"https:\/\/secure.gravatar.com\/avatar\/235dc84a78810e4a7f7410b32586c949?s=96&d=mm&r=g\",\"caption\":\"meistermaler.ch\"},\"sameAs\":[\"http:\/\/meistermaler.ch\"],\"url\":\"https:\/\/meistermaler.ch\/index.php\/author\/meistermaler-ch\/\"}]}<\/script>\n<!-- \/ Yoast SEO plugin. -->","yoast_head_json":{"title":"Individuelle Gestaltung von Arbeits- und Wohnr\u00e4umen - Meistermaler.ch","robots":{"index":"index","follow":"follow","max-snippet":"max-snippet:-1","max-image-preview":"max-image-preview:large","max-video-preview":"max-video-preview:-1"},"canonical":"https:\/\/meistermaler.ch\/index.php\/2024\/03\/25\/individuelle-gestaltung-von-arbeits-und-wohnraeumen-3\/","og_locale":"de_DE","og_type":"article","og_title":"Individuelle Gestaltung von Arbeits- und Wohnr\u00e4umen - Meistermaler.ch","og_description":"Individuelle Gestaltung von Arbeits- und Wohnr\u00e4umen Bei der Gestaltung von Arbeits- und Wohnr\u00e4umen ist es das Ziel, eine Atmosph\u00e4re zu schaffen, die den individuellen W\u00fcnschen und Bed\u00fcrfnissen entspricht. Das Team von Frischgestrichen.ch hat sich darauf spezialisiert, sowohl Innen- als auch Au\u00dfenr\u00e4ume nach den Vorstellungen der Kunden zu gestalten. Mit verschiedenen Techniken und Materialien k\u00f6nnen wir [&hellip;]","og_url":"https:\/\/meistermaler.ch\/index.php\/2024\/03\/25\/individuelle-gestaltung-von-arbeits-und-wohnraeumen-3\/","og_site_name":"Meistermaler.ch","article_published_time":"2024-03-25T19:18:09+00:00","author":"meistermaler.ch","twitter_card":"summary_large_image","twitter_misc":{"Verfasst von":"meistermaler.ch","Gesch\u00e4tzte Lesezeit":"2\u00a0Minuten"},"schema":{"@context":"https:\/\/schema.org","@graph":[{"@type":"Article","@id":"https:\/\/meistermaler.ch\/index.php\/2024\/03\/25\/individuelle-gestaltung-von-arbeits-und-wohnraeumen-3\/#article","isPartOf":{"@id":"https:\/\/meistermaler.ch\/index.php\/2024\/03\/25\/individuelle-gestaltung-von-arbeits-und-wohnraeumen-3\/"},"author":{"name":"meistermaler.ch","@id":"https:\/\/meistermaler.ch\/#\/schema\/person\/e22cb20a17b0c775c28ddc6488fda9c5"},"headline":"Individuelle Gestaltung von Arbeits- und Wohnr\u00e4umen","datePublished":"2024-03-25T19:18:09+00:00","dateModified":"2024-03-25T19:18:09+00:00","mainEntityOfPage":{"@id":"https:\/\/meistermaler.ch\/index.php\/2024\/03\/25\/individuelle-gestaltung-von-arbeits-und-wohnraeumen-3\/"},"wordCount":364,"commentCount":0,"publisher":{"@id":"https:\/\/meistermaler.ch\/#organization"},"articleSection":["Blog"],"inLanguage":"de","potentialAction":[{"@type":"CommentAction","name":"Comment","target":["https:\/\/meistermaler.ch\/index.php\/2024\/03\/25\/individuelle-gestaltung-von-arbeits-und-wohnraeumen-3\/#respond"]}]},{"@type":"WebPage","@id":"https:\/\/meistermaler.ch\/index.php\/2024\/03\/25\/individuelle-gestaltung-von-arbeits-und-wohnraeumen-3\/","url":"https:\/\/meistermaler.ch\/index.php\/2024\/03\/25\/individuelle-gestaltung-von-arbeits-und-wohnraeumen-3\/","name":"Individuelle Gestaltung von Arbeits- und Wohnr\u00e4umen - Meistermaler.ch","isPartOf":{"@id":"https:\/\/meistermaler.ch\/#website"},"datePublished":"2024-03-25T19:18:09+00:00","dateModified":"2024-03-25T19:18:09+00:00","breadcrumb":{"@id":"https:\/\/meistermaler.ch\/index.php\/2024\/03\/25\/individuelle-gestaltung-von-arbeits-und-wohnraeumen-3\/#breadcrumb"},"inLanguage":"de","potentialAction":[{"@type":"ReadAction","target":["https:\/\/meistermaler.ch\/index.php\/2024\/03\/25\/individuelle-gestaltung-von-arbeits-und-wohnraeumen-3\/"]}]},{"@type":"BreadcrumbList","@id":"https:\/\/meistermaler.ch\/index.php\/2024\/03\/25\/individuelle-gestaltung-von-arbeits-und-wohnraeumen-3\/#breadcrumb","itemListElement":[{"@type":"ListItem","position":1,"name":"Home","item":"https:\/\/meistermaler.ch\/"},{"@type":"ListItem","position":2,"name":"Individuelle Gestaltung von Arbeits- und Wohnr\u00e4umen"}]},{"@type":"WebSite","@id":"https:\/\/meistermaler.ch\/#website","url":"https:\/\/meistermaler.ch\/","name":"Meistermaler.ch","description":"","publisher":{"@id":"https:\/\/meistermaler.ch\/#organization"},"potentialAction":[{"@type":"SearchAction","target":{"@type":"EntryPoint","urlTemplate":"https:\/\/meistermaler.ch\/?s={search_term_string}"},"query-input":"required name=search_term_string"}],"inLanguage":"de"},{"@type":"Organization","@id":"https:\/\/meistermaler.ch\/#organization","name":"Meistermaler.ch","url":"https:\/\/meistermaler.ch\/","logo":{"@type":"ImageObject","inLanguage":"de","@id":"https:\/\/meistermaler.ch\/#\/schema\/logo\/image\/","url":"https:\/\/meistermaler.ch\/wp-content\/uploads\/2024\/03\/cropped-meistermaler.ch_.png","contentUrl":"https:\/\/meistermaler.ch\/wp-content\/uploads\/2024\/03\/cropped-meistermaler.ch_.png","width":512,"height":512,"caption":"Meistermaler.ch"},"image":{"@id":"https:\/\/meistermaler.ch\/#\/schema\/logo\/image\/"}},{"@type":"Person","@id":"https:\/\/meistermaler.ch\/#\/schema\/person\/e22cb20a17b0c775c28ddc6488fda9c5","name":"meistermaler.ch","image":{"@type":"ImageObject","inLanguage":"de","@id":"https:\/\/meistermaler.ch\/#\/schema\/person\/image\/","url":"https:\/\/secure.gravatar.com\/avatar\/235dc84a78810e4a7f7410b32586c949?s=96&d=mm&r=g","contentUrl":"https:\/\/secure.gravatar.com\/avatar\/235dc84a78810e4a7f7410b32586c949?s=96&d=mm&r=g","caption":"meistermaler.ch"},"sameAs":["http:\/\/meistermaler.ch"],"url":"https:\/\/meistermaler.ch\/index.php\/author\/meistermaler-ch\/"}]}},"_links":{"self":[{"href":"https:\/\/meistermaler.ch\/index.php\/wp-json\/wp\/v2\/posts\/9"}],"collection":[{"href":"https:\/\/meistermaler.ch\/index.php\/wp-json\/wp\/v2\/posts"}],"about":[{"href":"https:\/\/meistermaler.ch\/index.php\/wp-json\/wp\/v2\/types\/post"}],"author":[{"embeddable":true,"href":"https:\/\/meistermaler.ch\/index.php\/wp-json\/wp\/v2\/users\/1"}],"replies":[{"embeddable":true,"href":"https:\/\/meistermaler.ch\/index.php\/wp-json\/wp\/v2\/comments?post=9"}],"version-history":[{"count":0,"href":"https:\/\/meistermaler.ch\/index.php\/wp-json\/wp\/v2\/posts\/9\/revisions"}],"wp:attachment":[{"href":"https:\/\/meistermaler.ch\/index.php\/wp-json\/wp\/v2\/media?parent=9"}],"wp:term":[{"taxonomy":"category","embeddable":true,"href":"https:\/\/meistermaler.ch\/index.php\/wp-json\/wp\/v2\/categories?post=9"},{"taxonomy":"post_tag","embeddable":true,"href":"https:\/\/meistermaler.ch\/index.php\/wp-json\/wp\/v2\/tags?post=9"}],"curies":[{"name":"wp","href":"https:\/\/api.w.org\/{rel}","templated":true}]}}